{"id":1314,"date":"2012-12-11T15:28:28","date_gmt":"2012-12-11T14:28:28","guid":{"rendered":"http:\/\/www.teleciguena.com\/blog\/?p=1314"},"modified":"2023-02-07T10:04:38","modified_gmt":"2023-02-07T09:04:38","slug":"10-regalos-de-navidad-para-bebes","status":"publish","type":"post","link":"https:\/\/www.bebedeparis.com\/blog\/10-regalos-de-navidad-para-bebes\/","title":{"rendered":"10 Regalos de Navidad para Beb\u00e9s"},"content":{"rendered":"<p>No hay mejor regalo en Navidad que la llegada de un beb\u00e9\u00a0 y como la cig\u00fce\u00f1a es experta en regalar momentos inolvidables para el beb\u00e9, sus Mam\u00e1s y Pap\u00e1s, \u00a1qu\u00e9 mejor que daros ideas para regalar estas Navidades!<\/p>\n<p><img loading=\"lazy\" decoding=\"async\" class=\"aligncenter size-full wp-image-5954\" src=\"https:\/\/bebedeparis.com\/blog\/wp-content\/uploads\/2012\/12\/Regalos-de-Navidad-para-Bebe\u0301s-min.jpg\" alt=\"\" width=\"1000\" height=\"598\" srcset=\"https:\/\/www.bebedeparis.com\/blog\/wp-content\/uploads\/2012\/12\/Regalos-de-Navidad-para-Bebe\u0301s-min.jpg 1000w, https:\/\/www.bebedeparis.com\/blog\/wp-content\/uploads\/2012\/12\/Regalos-de-Navidad-para-Bebe\u0301s-min-300x179.jpg 300w, https:\/\/www.bebedeparis.com\/blog\/wp-content\/uploads\/2012\/12\/Regalos-de-Navidad-para-Bebe\u0301s-min-768x459.jpg 768w\" sizes=\"auto, (max-width: 1000px) 100vw, 1000px\" \/><br \/>\n<strong>10 Regalos de Navidad para Beb\u00e9s:<\/strong><\/p>\n<ul>\n<li>La casita de recuerdos del beb\u00e9<\/li>\n<li>Set de huellas<\/li>\n<li>Vajilla para beb\u00e9s<\/li>\n<li>Osito bolsita caliente<\/li>\n<li>Marcos de fotos<\/li>\n<li>Cuna de viaje para beb\u00e9s<\/li>\n<li>\u00c1lbum de fotos para beb\u00e9s<\/li>\n<li>Saquito de Dormir para el Beb\u00e9<\/li>\n<li>Oso Teddy Personalizado<\/li>\n<\/ul>\n<p><strong>1. La Casita de Recuerdos del Beb\u00e9.<\/strong><br \/>\nNos encanta porque es un regalo muy emotivo. A todas las mam\u00e1s y pap\u00e1s nos encanta <strong>guardar los primeros recuerdos del beb\u00e9<\/strong>, desde sus primeros patucos, la pulserita de identificaci\u00f3n del hospital, un mech\u00f3n de pelo, los primeros dientecitos de leche&#8230; \u00a1Y una idea que nos encanta es que podemos guardar una carta de Mam\u00e1 y Pap\u00e1 para el Beb\u00e9!<br \/>\nLa casita de recuerdos para el beb\u00e9 es \u00fanica y personal, se puede personalizar con el nombre del beb\u00e9, la fecha de nacimiento, el peso que tuvo al nacer, etc&#8230; \u00a1\u00bfA que es una monada?!<\/p>\n<figure id=\"attachment_1315\" aria-describedby=\"caption-attachment-1315\" style=\"width: 400px\" class=\"wp-caption aligncenter\"><img loading=\"lazy\" decoding=\"async\" class=\"size-full wp-image-1315\" title=\"Casita Recuerdos Beb\u00e9\" src=\"https:\/\/www.teleciguena.com\/blog\/wp-content\/uploads\/2012\/12\/Casita-Rosa-Open-089984_1.jpg\" alt=\"\" width=\"400\" height=\"400\" srcset=\"https:\/\/www.bebedeparis.com\/blog\/wp-content\/uploads\/2012\/12\/Casita-Rosa-Open-089984_1.jpg 400w, https:\/\/www.bebedeparis.com\/blog\/wp-content\/uploads\/2012\/12\/Casita-Rosa-Open-089984_1-150x150.jpg 150w, https:\/\/www.bebedeparis.com\/blog\/wp-content\/uploads\/2012\/12\/Casita-Rosa-Open-089984_1-300x300.jpg 300w\" sizes=\"auto, (max-width: 400px) 100vw, 400px\" \/><figcaption id=\"caption-attachment-1315\" class=\"wp-caption-text\">Casita Recuerdos Beb\u00e9<\/figcaption><\/figure>\n<p><strong>2. El Set de Huellas para Beb\u00e9s<\/strong><br \/>\n\u00a1Otro de los favoritos de Cig\u00fc! El <strong>set de huellas<\/strong> sirve para imprimir o marcar las huellas del beb\u00e9 en una masilla especial que luego podemos enmarcar en un bonito marco que viene con el set. Todo un regalo para Mam\u00e1 o Pap\u00e1, \u00a1y un recuerdo para toda la vida!<br \/>\nUn extra del set de huellas es que la cajita es tan bonita que la podr\u00e1s utilizar para guardar cositas especiales, \u00a1adem\u00e1s se puede personalizar con la foto del beb\u00e9 y su nombre!<\/p>\n<figure id=\"attachment_1316\" aria-describedby=\"caption-attachment-1316\" style=\"width: 400px\" class=\"wp-caption aligncenter\"><img loading=\"lazy\" decoding=\"async\" class=\"size-full wp-image-1316\" title=\"Set Huellas Beb\u00e9\" src=\"https:\/\/www.teleciguena.com\/blog\/wp-content\/uploads\/2012\/12\/SethuellasbbRef086843.jpg\" alt=\"\" width=\"400\" height=\"400\" srcset=\"https:\/\/www.bebedeparis.com\/blog\/wp-content\/uploads\/2012\/12\/SethuellasbbRef086843.jpg 400w, https:\/\/www.bebedeparis.com\/blog\/wp-content\/uploads\/2012\/12\/SethuellasbbRef086843-150x150.jpg 150w, https:\/\/www.bebedeparis.com\/blog\/wp-content\/uploads\/2012\/12\/SethuellasbbRef086843-300x300.jpg 300w, https:\/\/www.bebedeparis.com\/blog\/wp-content\/uploads\/2012\/12\/SethuellasbbRef086843-365x365.jpg 365w\" sizes=\"auto, (max-width: 400px) 100vw, 400px\" \/><figcaption id=\"caption-attachment-1316\" class=\"wp-caption-text\">Set Huellas Beb\u00e9<\/figcaption><\/figure>\n<p><strong>3. La Vajilla para Beb\u00e9 con malet\u00edn.<\/strong><br \/>\nUn regalo para el beb\u00e9 pr\u00e1ctico y bonito que vendr\u00e1 muy bien tener para cuando los peques empiecen con sus primeras comiditas. \u00a1Son mon\u00edsimas y a pruebas de salir volando o golpes! \ud83d\ude09 Lo que m\u00e1s le gusta a Cig\u00fc es el coqueto <strong>malet\u00edn que contiene la vajilla.<\/strong> No s\u00f3lo sirve para guardar los primeros juguetitos de los peques, sino que puede ser un elemento decorativo ideal para la habitaci\u00f3n del beb\u00e9 o su futura sala de juegos.<br \/>\n<img loading=\"lazy\" decoding=\"async\" class=\"aligncenter wp-image-3065 \" title=\"Vajilla Beb\u00e9\" src=\"https:\/\/www.bebedeparis.com\/blog\/wp-content\/uploads\/2017\/07\/canastilla.png\" alt=\"\" width=\"523\" height=\"343\" srcset=\"https:\/\/www.bebedeparis.com\/blog\/wp-content\/uploads\/2017\/07\/canastilla.png 1132w, https:\/\/www.bebedeparis.com\/blog\/wp-content\/uploads\/2017\/07\/canastilla-768x503.png 768w, https:\/\/www.bebedeparis.com\/blog\/wp-content\/uploads\/2017\/07\/canastilla-300x197.png 300w, https:\/\/www.bebedeparis.com\/blog\/wp-content\/uploads\/2017\/07\/canastilla-185x120.png 185w\" sizes=\"auto, (max-width: 523px) 100vw, 523px\" \/><br \/>\n<strong>4. Osito Bolsita Agua Caliente<\/strong><\/p>\n<p>\u00a1\u00a1Este osito es todo una sorpresa!! Y ya sab\u00e9is que a Cig\u00fc le encanta dar sorpresitas&#8230; Adem\u00e1s de convertirse en una cari\u00f1osa y entra\u00f1able <strong>mantita de seguridad o DouDou, el osito guarda en su interior una bolsita de agua caliente<\/strong> para no pasar fr\u00edo en invierno, mantener el calor en la camita, o tener los pies bien calentitos.<br \/>\nCuando no utilizamos la bolsita de agua caliente, el osito de peluche se convierte en el mejor amigo de los peques, \u00a1y puede ir con ellos a todas partes!<br \/>\n<a href=\"https:\/\/amzn.to\/33pn0hA\"><img loading=\"lazy\" decoding=\"async\" class=\"size-full wp-image-1319 aligncenter\" title=\"Osito Bolsita de Agua\" src=\"https:\/\/www.teleciguena.com\/blog\/wp-content\/uploads\/2012\/12\/Bolsas-de-Agua-Ositos-Ref.0.jpg\" alt=\"\" width=\"400\" height=\"400\" srcset=\"https:\/\/www.bebedeparis.com\/blog\/wp-content\/uploads\/2012\/12\/Bolsas-de-Agua-Ositos-Ref.0.jpg 400w, https:\/\/www.bebedeparis.com\/blog\/wp-content\/uploads\/2012\/12\/Bolsas-de-Agua-Ositos-Ref.0-150x150.jpg 150w, https:\/\/www.bebedeparis.com\/blog\/wp-content\/uploads\/2012\/12\/Bolsas-de-Agua-Ositos-Ref.0-300x300.jpg 300w\" sizes=\"auto, (max-width: 400px) 100vw, 400px\" \/><\/a><\/p>\n<p><strong>5. Marco de Fotos 12 Primeros Meses<\/strong><br \/>\nUna idea genial, original y divertida para las fotos del beb\u00e9. Podemos hacer una foto bonita del beb\u00e9 mes a mes y finalmente enmarcarlas todas juntas en este bonito <strong>marco especial<\/strong> con los n\u00fameros de cada mes. \u00a1Una idea de regalo diferente, creativa, y divertida para Mam\u00e1, Pap\u00e1 y Beb\u00e9!<br \/>\n<img loading=\"lazy\" decoding=\"async\" class=\"size-full wp-image-1320 aligncenter\" title=\"Marco 12 Meses 12 Fotos Beb\u00e9\" src=\"https:\/\/www.teleciguena.com\/blog\/wp-content\/uploads\/2012\/12\/Portafotos-Victor-Ref.08458.jpg\" alt=\"\" width=\"400\" height=\"400\" srcset=\"https:\/\/www.bebedeparis.com\/blog\/wp-content\/uploads\/2012\/12\/Portafotos-Victor-Ref.08458.jpg 400w, https:\/\/www.bebedeparis.com\/blog\/wp-content\/uploads\/2012\/12\/Portafotos-Victor-Ref.08458-150x150.jpg 150w, https:\/\/www.bebedeparis.com\/blog\/wp-content\/uploads\/2012\/12\/Portafotos-Victor-Ref.08458-300x300.jpg 300w\" sizes=\"auto, (max-width: 400px) 100vw, 400px\" \/><br \/>\n<strong>6. Cuna de viaje para beb\u00e9s, mam\u00e1s y pap\u00e1s trotamundos.<\/strong><br \/>\n\u00a1\u00bfQui\u00e9n ha dicho que los beb\u00e9s no pueden viajar y disfrutar de otros lugares con Mam\u00e1 y Pap\u00e1?! La <strong>cuna de viaje para beb\u00e9s<\/strong> es ideal y Cig\u00fc est\u00e1 segura de que es un regalo que agradecer\u00e1n mucho Mam\u00e1 y Pap\u00e1. No s\u00f3lo se puede transportar f\u00e1cilmente y de forma segura, sino que se convierte tambi\u00e9m en parque infantil.<br \/>\nLa cuna de viaje para beb\u00e9s es perfecta tambi\u00e9n para tenerla en casa de los abuelos, o en una segunda residencia, \u00a1es muy f\u00e1cil de montar y guardar posteriormente!<br \/>\n<img loading=\"lazy\" decoding=\"async\" class=\"size-full wp-image-1321 aligncenter\" title=\"Cuna Viaje Beb\u00e9\" src=\"https:\/\/www.teleciguena.com\/blog\/wp-content\/uploads\/2012\/12\/Cuna-Bebemon-2.jpg\" alt=\"\" width=\"400\" height=\"400\" srcset=\"https:\/\/www.bebedeparis.com\/blog\/wp-content\/uploads\/2012\/12\/Cuna-Bebemon-2.jpg 400w, https:\/\/www.bebedeparis.com\/blog\/wp-content\/uploads\/2012\/12\/Cuna-Bebemon-2-150x150.jpg 150w, https:\/\/www.bebedeparis.com\/blog\/wp-content\/uploads\/2012\/12\/Cuna-Bebemon-2-300x300.jpg 300w\" sizes=\"auto, (max-width: 400px) 100vw, 400px\" \/><br \/>\n<strong>7.\u00a0 \u00c1lbum de Fotos de Navidad<\/strong><br \/>\n\u00bfLas primeras Navidades del Beb\u00e9 en familia? \u00a1\u00a1Todos a hacer fotos del beb\u00e9 y la familia!! Este <strong>\u00e1lbum navide\u00f1o<\/strong> es perfecto para juntar todas las fotos de la primera Navidad del Beb\u00e9 y \u00a1recordarlas para siempre!<br \/>\n<img loading=\"lazy\" decoding=\"async\" class=\"size-full wp-image-1322 aligncenter\" title=\"Album Fotos Bebe Navidad\" src=\"https:\/\/www.teleciguena.com\/blog\/wp-content\/uploads\/2012\/12\/Album-de-Fotos-Noel-Ref.078.jpg\" alt=\"\" width=\"400\" height=\"400\" srcset=\"https:\/\/www.bebedeparis.com\/blog\/wp-content\/uploads\/2012\/12\/Album-de-Fotos-Noel-Ref.078.jpg 400w, https:\/\/www.bebedeparis.com\/blog\/wp-content\/uploads\/2012\/12\/Album-de-Fotos-Noel-Ref.078-150x150.jpg 150w, https:\/\/www.bebedeparis.com\/blog\/wp-content\/uploads\/2012\/12\/Album-de-Fotos-Noel-Ref.078-300x300.jpg 300w\" sizes=\"auto, (max-width: 400px) 100vw, 400px\" \/><br \/>\n<strong>8. Saquito de Dormir para el Beb\u00e9<\/strong><br \/>\nAl igual que la cuna de viaje, el <strong>saquito de dormir para el beb\u00e9<\/strong>, es un regalo muy pr\u00e1ctico para ir lo m\u00e1s ligeros de equipaje posible. \u00a1Y sin que el beb\u00e9 pase fr\u00edo alguno! Es calentito, c\u00f3modo, pr\u00e1ctico y bonito, \u00a1\u00bfqu\u00e9 m\u00e1s se puede pedir?!<br \/>\n<img loading=\"lazy\" decoding=\"async\" class=\"aligncenter wp-image-3227\" src=\"https:\/\/www.bebedeparis.com\/blog\/wp-content\/uploads\/2012\/12\/saco-de-dormir-bebe.jpg\" alt=\"saco de dormir bebe\" width=\"551\" height=\"589\" srcset=\"https:\/\/www.bebedeparis.com\/blog\/wp-content\/uploads\/2012\/12\/saco-de-dormir-bebe.jpg 1600w, https:\/\/www.bebedeparis.com\/blog\/wp-content\/uploads\/2012\/12\/saco-de-dormir-bebe-281x300.jpg 281w, https:\/\/www.bebedeparis.com\/blog\/wp-content\/uploads\/2012\/12\/saco-de-dormir-bebe-768x821.jpg 768w, https:\/\/www.bebedeparis.com\/blog\/wp-content\/uploads\/2012\/12\/saco-de-dormir-bebe-958x1024.jpg 958w\" sizes=\"auto, (max-width: 551px) 100vw, 551px\" \/><br \/>\n<strong>10. Oso Teddy Personalizado<\/strong><br \/>\n\u00a1\u00a1No hay mejor amigo\u00a0 de los m\u00e1s peque\u00f1os que un <strong>Oso de Peluche<\/strong>!! Y si adem\u00e1s est\u00e1 personalizado con el nombre del beb\u00e9 bordado o con un mensaje especial, \u00a1\u00a1no se separar\u00e1 nunca de \u00e9l!! Para los m\u00e1s peque\u00f1os, sus ositos representan la seguridad de Mam\u00e1 y Pap\u00e1, la tranquilidad del hogar, su mundo&#8230; y ese mejor amigo que va con \u00e9l a todas partes.<br \/>\n<img loading=\"lazy\" decoding=\"async\" class=\"aligncenter size-full wp-image-3228\" src=\"https:\/\/www.bebedeparis.com\/blog\/wp-content\/uploads\/2012\/12\/osito-de-peluche-30cm.jpg\" alt=\"\" width=\"425\" height=\"425\" srcset=\"https:\/\/www.bebedeparis.com\/blog\/wp-content\/uploads\/2012\/12\/osito-de-peluche-30cm.jpg 425w, https:\/\/www.bebedeparis.com\/blog\/wp-content\/uploads\/2012\/12\/osito-de-peluche-30cm-150x150.jpg 150w, https:\/\/www.bebedeparis.com\/blog\/wp-content\/uploads\/2012\/12\/osito-de-peluche-30cm-300x300.jpg 300w\" sizes=\"auto, (max-width: 425px) 100vw, 425px\" \/><br \/>\n\u00a1\u00a1Espero que os haya gustado la selecci\u00f3n de Cig\u00fc para los regalos de Navidad!! Pero, sobre todo,<strong> Beb\u00e9 de Par\u00eds desea que estas Navidades\u00a0 est\u00e9n llenas de alegr\u00eda y amor<\/strong>, que al fin y al cabo es el mejor regalo que podemos hacer a nuestros seres queridos.<br \/>\n\ud83d\ude42<\/p>\n","protected":false},"excerpt":{"rendered":"<p> [Adorno de Navidad Personalizado Teleciguena] \u00abNo hay mejor regalo en Navidad que la llegada de un beb\u00e9\u00bb  y como Cig\u00fc es experta en regalar momentos inolvidables para el reci\u00e9n nacido, sus Mam\u00e1s y Pap\u00e1s, \u00a1qu\u00e9 mejor que daros ideas para regalar estas Navidades!<\/p>\n","protected":false},"author":1,"featured_media":3409,"comment_status":"open","ping_status":"open","sticky":false,"template":"","format":"standard","meta":{"om_disable_all_campaigns":false,"_monsterinsights_skip_tracking":false,"_monsterinsights_sitenote_active":false,"_monsterinsights_sitenote_note":"","_monsterinsights_sitenote_category":0,"footnotes":""},"categories":[383,5,408],"tags":[],"class_list":["post-1314","post","type-post","status-publish","format-standard","has-post-thumbnail","hentry","category-bebes","category-compras-bebes","category-mi-bebe"],"aioseo_notices":[],"_links":{"self":[{"href":"https:\/\/www.bebedeparis.com\/blog\/wp-json\/wp\/v2\/posts\/1314","targetHints":{"allow":["GET"]}}],"collection":[{"href":"https:\/\/www.bebedeparis.com\/blog\/wp-json\/wp\/v2\/posts"}],"about":[{"href":"https:\/\/www.bebedeparis.com\/blog\/wp-json\/wp\/v2\/types\/post"}],"author":[{"embeddable":true,"href":"https:\/\/www.bebedeparis.com\/blog\/wp-json\/wp\/v2\/users\/1"}],"replies":[{"embeddable":true,"href":"https:\/\/www.bebedeparis.com\/blog\/wp-json\/wp\/v2\/comments?post=1314"}],"version-history":[{"count":3,"href":"https:\/\/www.bebedeparis.com\/blog\/wp-json\/wp\/v2\/posts\/1314\/revisions"}],"predecessor-version":[{"id":5958,"href":"https:\/\/www.bebedeparis.com\/blog\/wp-json\/wp\/v2\/posts\/1314\/revisions\/5958"}],"wp:featuredmedia":[{"embeddable":true,"href":"https:\/\/www.bebedeparis.com\/blog\/wp-json\/wp\/v2\/media\/3409"}],"wp:attachment":[{"href":"https:\/\/www.bebedeparis.com\/blog\/wp-json\/wp\/v2\/media?parent=1314"}],"wp:term":[{"taxonomy":"category","embeddable":true,"href":"https:\/\/www.bebedeparis.com\/blog\/wp-json\/wp\/v2\/categories?post=1314"},{"taxonomy":"post_tag","embeddable":true,"href":"https:\/\/www.bebedeparis.com\/blog\/wp-json\/wp\/v2\/tags?post=1314"}],"curies":[{"name":"wp","href":"https:\/\/api.w.org\/{rel}","templated":true}]}}