{"id":2282,"date":"2016-03-09T11:10:24","date_gmt":"2016-03-09T10:10:24","guid":{"rendered":"http:\/\/bebedeparis.com\/blog\/?p=2282"},"modified":"2023-02-07T10:04:36","modified_gmt":"2023-02-07T09:04:36","slug":"cuales-son-los-10-nombres-de-bebe-mas-populares-en-espana","status":"publish","type":"post","link":"https:\/\/www.bebedeparis.com\/blog\/cuales-son-los-10-nombres-de-bebe-mas-populares-en-espana\/","title":{"rendered":"Cu\u00e1les son los 10 nombres de beb\u00e9 m\u00e1s populares en Espa\u00f1a?"},"content":{"rendered":"<p>En\u00a0<span class=\"googie_link\">BebedeParis<\/span>\u00a0sabemos lo importante que es ponerle nombre a tu beb\u00e9, y como sabemos que adem\u00e1s os encanta, hemos preparado esta interesante y\u00a0<span class=\"googie_link\">actualizada<\/span>\u00a0<span class=\"googie_link\">infograf\u00eda<\/span>\u00a0con los <strong>10 nombres de beb\u00e9 m\u00e1s populares en Espa\u00f1a<\/strong>.<br \/>\n<figure id=\"attachment_2283\" aria-describedby=\"caption-attachment-2283\" style=\"width: 700px\" class=\"wp-caption aligncenter\"><img loading=\"lazy\" decoding=\"async\" class=\"wp-image-2283 size-full\" src=\"https:\/\/bebedeparis.com\/blog\/wp-content\/uploads\/2016\/03\/01infografia_700x700.jpg\" alt=\"nombres de beb\u00e9\" width=\"700\" height=\"700\" srcset=\"https:\/\/www.bebedeparis.com\/blog\/wp-content\/uploads\/2016\/03\/01infografia_700x700.jpg 700w, https:\/\/www.bebedeparis.com\/blog\/wp-content\/uploads\/2016\/03\/01infografia_700x700-150x150.jpg 150w, https:\/\/www.bebedeparis.com\/blog\/wp-content\/uploads\/2016\/03\/01infografia_700x700-300x300.jpg 300w\" sizes=\"auto, (max-width: 700px) 100vw, 700px\" \/><figcaption id=\"caption-attachment-2283\" class=\"wp-caption-text\">Infografia de Amaya Verde<\/figcaption><\/figure><br \/>\nYa\u00a0<span class=\"googie_link\">sab\u00e9is<\/span>\u00a0qu\u00e9 nombre le vais a poner a vuestro\u00a0<span class=\"googie_link\">beb\u00e9<\/span>\u00a0Cu\u00e9ntanoslo dejando un comentario \ud83d\ude42<br \/>\nY mientras os lo acab\u00e1is de pensar, os dejamos algunas ideas de cuadros personalizados para decorar la habitaci\u00f3n del beb\u00e9.<br \/>\n<img loading=\"lazy\" decoding=\"async\" class=\"aligncenter size-full wp-image-2231\" src=\"https:\/\/bebedeparis.com\/blog\/wp-content\/uploads\/2016\/02\/laura_carlota1-e1456309437315.jpeg\" alt=\"cuadros personalizados\" width=\"600\" height=\"600\" \/><\/p>\n","protected":false},"excerpt":{"rendered":"<p>En\u00a0BebedeParis\u00a0sabemos lo importante que es ponerle nombre a tu beb\u00e9, y como sabemos que adem\u00e1s os encanta, hemos preparado esta interesante y\u00a0actualizada\u00a0infograf\u00eda\u00a0con los 10 nombres de beb\u00e9 m\u00e1s populares en Espa\u00f1a. Ya\u00a0sab\u00e9is\u00a0qu\u00e9 nombre le vais a poner a vuestro\u00a0beb\u00e9\u00a0Cu\u00e9ntanoslo dejando un comentario \ud83d\ude42 Y mientras os lo acab\u00e1is de pensar, os dejamos algunas ideas de&#8230;<\/p>\n","protected":false},"author":1,"featured_media":2284,"comment_status":"open","ping_status":"open","sticky":false,"template":"","format":"standard","meta":{"om_disable_all_campaigns":false,"_monsterinsights_skip_tracking":false,"_monsterinsights_sitenote_active":false,"_monsterinsights_sitenote_note":"","_monsterinsights_sitenote_category":0,"footnotes":""},"categories":[383,246,254],"tags":[],"class_list":["post-2282","post","type-post","status-publish","format-standard","has-post-thumbnail","hentry","category-bebes","category-infografias-bebedeparis","category-nombres-bebe"],"aioseo_notices":[],"_links":{"self":[{"href":"https:\/\/www.bebedeparis.com\/blog\/wp-json\/wp\/v2\/posts\/2282","targetHints":{"allow":["GET"]}}],"collection":[{"href":"https:\/\/www.bebedeparis.com\/blog\/wp-json\/wp\/v2\/posts"}],"about":[{"href":"https:\/\/www.bebedeparis.com\/blog\/wp-json\/wp\/v2\/types\/post"}],"author":[{"embeddable":true,"href":"https:\/\/www.bebedeparis.com\/blog\/wp-json\/wp\/v2\/users\/1"}],"replies":[{"embeddable":true,"href":"https:\/\/www.bebedeparis.com\/blog\/wp-json\/wp\/v2\/comments?post=2282"}],"version-history":[{"count":1,"href":"https:\/\/www.bebedeparis.com\/blog\/wp-json\/wp\/v2\/posts\/2282\/revisions"}],"predecessor-version":[{"id":6126,"href":"https:\/\/www.bebedeparis.com\/blog\/wp-json\/wp\/v2\/posts\/2282\/revisions\/6126"}],"wp:featuredmedia":[{"embeddable":true,"href":"https:\/\/www.bebedeparis.com\/blog\/wp-json\/wp\/v2\/media\/2284"}],"wp:attachment":[{"href":"https:\/\/www.bebedeparis.com\/blog\/wp-json\/wp\/v2\/media?parent=2282"}],"wp:term":[{"taxonomy":"category","embeddable":true,"href":"https:\/\/www.bebedeparis.com\/blog\/wp-json\/wp\/v2\/categories?post=2282"},{"taxonomy":"post_tag","embeddable":true,"href":"https:\/\/www.bebedeparis.com\/blog\/wp-json\/wp\/v2\/tags?post=2282"}],"curies":[{"name":"wp","href":"https:\/\/api.w.org\/{rel}","templated":true}]}}