{"id":4979,"date":"2019-05-10T11:48:59","date_gmt":"2019-05-10T09:48:59","guid":{"rendered":"http:\/\/bebedeparis.com\/blog\/?p=4979"},"modified":"2023-02-07T10:04:33","modified_gmt":"2023-02-07T09:04:33","slug":"alergias-en-bebes","status":"publish","type":"post","link":"https:\/\/www.bebedeparis.com\/blog\/alergias-en-bebes\/","title":{"rendered":"Alergias en beb\u00e9s: c\u00f3mo evitar que tu beb\u00e9 sufra las alergias de la primavera"},"content":{"rendered":"<div id=\"pl-4979\"  class=\"panel-layout\">\n<div id=\"pg-4979-0\"  class=\"panel-grid panel-no-style\"  data-style=\"{&quot;background_image_attachment&quot;:false,&quot;background_display&quot;:&quot;tile&quot;,&quot;cell_alignment&quot;:&quot;flex-start&quot;}\"  data-ratio=\"1\"  data-ratio-direction=\"right\">\n<div id=\"pgc-4979-0-0\"  class=\"panel-grid-cell\"  data-weight=\"1\">\n<div id=\"panel-4979-0-0-0\" class=\"so-panel widget widget_sow-editor panel-first-child panel-last-child\" data-index=\"0\" data-style=\"{&quot;background_image_attachment&quot;:false,&quot;background_display&quot;:&quot;tile&quot;,&quot;margin&quot;:&quot;0px 0px -60px 0px&quot;}\">\n<div class=\"so-widget-sow-editor so-widget-sow-editor-base\">\n<div class=\"siteorigin-widget-tinymce textwidget\">\n<p style=\"font-weight: 400;\" align=\"left\">Con la llegada de la primavera, muchas personas reciben la visita de un inc\u00f3modo y, a veces, peligroso, compa\u00f1ero de viaje: <strong>la alergia<\/strong>. Puede que t\u00fa misma la sufras o que hayas visto a varias personas luchar contra ella a lo largo de los a\u00f1os. Pero, \u00bfqu\u00e9 ocurre si es tu beb\u00e9 el que sufre alguna alergia? Tu beb\u00e9 no puede describir los s\u00edntomas que le aquejan, por lo que eres t\u00fa quien debes estar alerta y reconocer las se\u00f1ales lo m\u00e1s pronto posible. De esta manera, podr\u00e1s darle la ayuda que necesita antes de que los s\u00edntomas vayan a m\u00e1s y puedan afectar de forma grave a tu peque\u00f1o.<\/p>\n<\/div>\n<\/div>\n<\/div>\n<\/div>\n<\/div>\n<div id=\"pg-4979-1\"  class=\"panel-grid panel-no-style\"  data-style=\"{&quot;background_image_attachment&quot;:false,&quot;background_display&quot;:&quot;tile&quot;,&quot;cell_alignment&quot;:&quot;flex-start&quot;}\">\n<div id=\"pgc-4979-1-0\"  class=\"panel-grid-cell\"  data-weight=\"0.64190871369295\">\n<div id=\"panel-4979-1-0-0\" class=\"so-panel widget widget_sow-editor panel-first-child panel-last-child\" data-index=\"1\" data-style=\"{&quot;background_image_attachment&quot;:false,&quot;background_display&quot;:&quot;tile&quot;,&quot;margin&quot;:&quot;0px 0px 0px 0px&quot;}\">\n<div class=\"so-widget-sow-editor so-widget-sow-editor-base\">\n<div class=\"siteorigin-widget-tinymce textwidget\">\n<p ALIGN=\"justify\">Pero, \u00bfcu\u00e1les son estos signos? Dependiendo del tipo de alergia que pueda sufrir tu beb\u00e9, estos s\u00edntomas pueden variar. La mayor\u00eda de las alergias pueden dividirse en tres \u00e1mbitos diferentes:alergias a alimentos, medicamentos u otros elementos que se consumen, alergias a alg\u00fan tipo de componente externo (alguna tela o planta, por ejemplo), alergias relacionadas con las estaciones del a\u00f1o.<\/p>\n<p ALIGN=\"justify\">Las alergias de tipo alimentario o que tienen que ver con alg\u00fan producto que se come son las m\u00e1s sencillas de detectar, pues generalmente producen una reacci\u00f3n inmediata o muy cercana del tiempo. Pero los otros tipos de alergias no son tan f\u00e1ciles de detectar, sobre todo si las reacciones que producen no son muy violentas o si sus s\u00edntomas se pueden confundir con otras dolencias.<br \/>\nPero algunos de los m\u00e1s comunes que suelen ser f\u00e1ciles de detectar son los siguientes:<\/p>\n<\/div>\n<\/div>\n<\/div>\n<\/div>\n<div id=\"pgc-4979-1-1\"  class=\"panel-grid-cell\"  data-weight=\"0.35809128630705\">\n<div id=\"panel-4979-1-1-0\" class=\"so-panel widget widget_media_image panel-first-child panel-last-child\" data-index=\"2\" data-style=\"{&quot;background_image_attachment&quot;:false,&quot;background_display&quot;:&quot;tile&quot;,&quot;margin&quot;:&quot;30px 0px 0px 0px&quot;}\">[siteorigin_widget class=\u00bbWP_Widget_Media_Image\u00bb]<input type=\"hidden\" value=\"{&quot;instance&quot;:{&quot;attachment_id&quot;:5093,&quot;url&quot;:&quot;https:\/\/bebedeparis.com\/blog\/wp-content\/uploads\/2019\/05\/alergias-bebe-primavera-1.jpg&quot;,&quot;title&quot;:&quot;&quot;,&quot;size&quot;:&quot;custom&quot;,&quot;width&quot;:426,&quot;height&quot;:444,&quot;caption&quot;:&quot;&quot;,&quot;alt&quot;:&quot;alergias-bebe-primavera&quot;,&quot;link_type&quot;:&quot;none&quot;,&quot;link_url&quot;:&quot;&quot;,&quot;image_classes&quot;:&quot;&quot;,&quot;link_classes&quot;:&quot;&quot;,&quot;link_rel&quot;:&quot;&quot;,&quot;link_target_blank&quot;:false,&quot;image_title&quot;:&quot;&quot;,&quot;so_sidebar_emulator_id&quot;:&quot;media_image-497910002&quot;,&quot;option_name&quot;:&quot;widget_media_image&quot;},&quot;args&quot;:{&quot;before_widget&quot;:&quot;&lt;div id=&quot;panel-4979-1-1-0&quot; class=&quot;so-panel widget widget_media_image panel-first-child panel-last-child&quot; data-index=&quot;2&quot; data-style=&quot;{&amp;quot;background_image_attachment&amp;quot;:false,&amp;quot;background_display&amp;quot;:&amp;quot;tile&amp;quot;,&amp;quot;margin&amp;quot;:&amp;quot;30px 0px 0px 0px&amp;quot;}&quot; &gt;&quot;,&quot;after_widget&quot;:&quot;&lt;\/div&gt;&quot;,&quot;before_title&quot;:&quot;&lt;h3 class=&quot;widget-title&quot;&gt;&quot;,&quot;after_title&quot;:&quot;&lt;\/h3&gt;&quot;,&quot;widget_id&quot;:&quot;widget-1-1-0&quot;}}\" \/>[\/siteorigin_widget]<\/div>\n<\/div>\n<\/div>\n<div id=\"pg-4979-2\"  class=\"panel-grid panel-no-style\"  data-style=\"{&quot;background_image_attachment&quot;:false,&quot;background_display&quot;:&quot;tile&quot;,&quot;cell_alignment&quot;:&quot;flex-start&quot;}\"  data-ratio=\"1\"  data-ratio-direction=\"right\">\n<div id=\"pgc-4979-2-0\"  class=\"panel-grid-cell\"  data-weight=\"1\">\n<div id=\"panel-4979-2-0-0\" class=\"so-panel widget widget_sow-editor panel-first-child\" data-index=\"3\" data-style=\"{&quot;background_image_attachment&quot;:false,&quot;background_display&quot;:&quot;tile&quot;}\">\n<div class=\"so-widget-sow-editor so-widget-sow-editor-base\">\n<div class=\"siteorigin-widget-tinymce textwidget\">\n<h2><span style=\"font-weight: 400;\"><strong>1. Vigila los ojos de tu beb\u00e9<\/strong> <\/span><\/h2>\n<p align=\"justify\"><span style=\"font-weight: 400;\">Una de las se\u00f1ales de alergia m\u00e1s comunes, vinculada sobre todo a las alergias estacionales y externas, es el enrojecimiento de los ojos. Este viene acompa\u00f1ado generalmente de picor y de una importante irritaci\u00f3n. Es cierto que este s\u00edntoma puede vincularse a otras dolencias muy comunes en ni\u00f1os muy peque\u00f1os, como la conjuntivitis. Pero si ves que este s\u00edntoma perdura en el tiempo y que ninguno de los m\u00e9todos habituales hace nada para disiparlo, mantente alerta. Puede ser un signo de alergia.<\/span><\/p>\n<h2><span style=\"font-weight: 400;\"><strong>2.Controla la aparici\u00f3n de sarpullidos, manchas o decoloraciones en la piel.<\/strong> <\/span><\/h2>\n<p align=\"justify\"><span style=\"font-weight: 400;\">La piel de tu beb\u00e9 tambi\u00e9n te puede dar muchas pistas a la hora de saber si est\u00e1 sufriendo de alg\u00fan tipo de alergia. Muchas alergias externas o estacionales producen alteraciones de la piel de distinta gravedad e intensidad, por lo que te recomendamos que est\u00e9s muy pendiente del cuerpo de tu beb\u00e9. Es importante que prestes especial atenci\u00f3n a aquellas partes de la piel de tu beb\u00e9 que no suelen correr el riesgo de estar irritadas por otras razones, pues pueden ser un indicativo muy importante de que la aparici\u00f3n de un sarpullido o rojez es consecuencia de una alergia.<br \/>\nPor ejemplo, es bastante com\u00fan que en el culito o la boca de un beb\u00e9 aparezcan sarpullidos o irritaciones de vez en cuando por distintas razones. <\/p>\n<p align=\"justify\">Pero si tu beb\u00e9 presenta un sarpullido en la frente, en los brazos, las piernas y los pies, eso no es tan usual. Pero esto no significa que debas dejar de prestar atenci\u00f3n a las partes de su cuerpo donde suelen aparecer irritaciones por distintas razones; solo que en ellas es m\u00e1s dif\u00edcil detectar su origen. Pero si tu beb\u00e9 tiene una irritaci\u00f3n o picor en la piel del culito o la boca durante mucho tiempo y nada de lo que haces parece suponer ninguna diferencia, entonces ten cuidado. Pueden estar provocados por una alergia.<\/p>\n<p><\/span><\/p>\n<\/div>\n<\/div>\n<\/div>\n<div id=\"panel-4979-2-0-1\" class=\"so-panel widget widget_media_image\" data-index=\"4\" data-style=\"{&quot;background_image_attachment&quot;:false,&quot;background_display&quot;:&quot;tile&quot;,&quot;margin&quot;:&quot;-20px 0px -20px 0px&quot;}\">[siteorigin_widget class=\u00bbWP_Widget_Media_Image\u00bb]<input type=\"hidden\" value=\"{&quot;instance&quot;:{&quot;attachment_id&quot;:5085,&quot;url&quot;:&quot;https:\/\/bebedeparis.com\/blog\/wp-content\/uploads\/2019\/05\/bebe-alergia.jpg&quot;,&quot;title&quot;:&quot;&quot;,&quot;size&quot;:&quot;full&quot;,&quot;width&quot;:1342,&quot;height&quot;:491,&quot;caption&quot;:&quot;&quot;,&quot;alt&quot;:&quot;bebe-alergia&quot;,&quot;link_type&quot;:&quot;custom&quot;,&quot;link_url&quot;:&quot;&quot;,&quot;image_classes&quot;:&quot;&quot;,&quot;link_classes&quot;:&quot;&quot;,&quot;link_rel&quot;:&quot;&quot;,&quot;link_target_blank&quot;:false,&quot;image_title&quot;:&quot;&quot;,&quot;so_sidebar_emulator_id&quot;:&quot;media_image-497910004&quot;,&quot;option_name&quot;:&quot;widget_media_image&quot;},&quot;args&quot;:{&quot;before_widget&quot;:&quot;&lt;div id=&quot;panel-4979-2-0-1&quot; class=&quot;so-panel widget widget_media_image&quot; data-index=&quot;4&quot; data-style=&quot;{&amp;quot;background_image_attachment&amp;quot;:false,&amp;quot;background_display&amp;quot;:&amp;quot;tile&amp;quot;,&amp;quot;margin&amp;quot;:&amp;quot;-20px 0px -20px 0px&amp;quot;}&quot; &gt;&quot;,&quot;after_widget&quot;:&quot;&lt;\/div&gt;&quot;,&quot;before_title&quot;:&quot;&lt;h3 class=&quot;widget-title&quot;&gt;&quot;,&quot;after_title&quot;:&quot;&lt;\/h3&gt;&quot;,&quot;widget_id&quot;:&quot;widget-2-0-1&quot;}}\" \/>[\/siteorigin_widget]<\/div>\n<div id=\"panel-4979-2-0-2\" class=\"so-panel widget widget_sow-editor\" data-index=\"5\" data-style=\"{&quot;background_image_attachment&quot;:false,&quot;background_display&quot;:&quot;tile&quot;,&quot;margin&quot;:&quot;-20px 0px -40px 0px&quot;}\">\n<div class=\"so-widget-sow-editor so-widget-sow-editor-base\">\n<div class=\"siteorigin-widget-tinymce textwidget\">\n<h2><span style=\"font-weight: 400;\"><strong>3.Presta atenci\u00f3n a su sistema respiratorio.<\/strong> <\/span><\/h2>\n<p align=\"justify\"><span style=\"font-weight: 400;\">Las alergias est\u00e1n muy vinculadas al sistema respiratorio. En su forma m\u00e1s agresiva, pueden provocar importantes problemas para respirar, pero existen s\u00edntomas menos graves que tambi\u00e9n pueden alertar de su aparici\u00f3n antes de llegar a tales extremos. Por ejemplo, una de las se\u00f1ales m\u00e1s directas es el moqueo constante. Este s\u00edntoma suele confundirse a menudo con signos de resfriado, pero si tal problema perdura en el tiempo, entonces puede estar provocado por una alergia.<br \/>\nTambi\u00e9n te recomendamos que vigiles si tu hijo estornuda y tose a menudo, pues es algo que se suele asociar a la aparici\u00f3n de alergias estacionales. Por \u00faltimo, si tu hijo tiene mucha congesti\u00f3n de forma constante y presenta problemas para respirar de forma normal, entonces acude a tu m\u00e9dico y dile que sospechas que tu beb\u00e9 puede tener alergia a algo, para que le haga las pruebas que considere necesarias.<\/span><\/p>\n<h2><span style=\"font-weight: 400;\"><strong>4.Ten en cuenta las temporadas del a\u00f1o.<\/strong><\/span><\/h2>\n<p align=\"justify\"><span style=\"font-weight: 400;\"> Las alergias dependiendo del momento del a\u00f1o, como su nombre indica, est\u00e1n vinculadas a un periodo del a\u00f1o concreto. Si uno o varios de los s\u00edntomas que te hemos mencionado anteriormente s\u00f3lo aparecen durante un periodo del a\u00f1o en concreto, existen muchas posibilidades de que se trate de una alergia estacional. Asimismo, tambi\u00e9n te recomendamos que vigiles los tiempos. Algunos de los s\u00edntomas que hemos descrito se pueden confundir con los de un resfriado u otra dolencia muy f\u00e1cilmente, como habr\u00e1s podido ver. Pero suelen extenderse en el tiempo, pues hasta que no desaparece el elemento que produce la reacci\u00f3n al\u00e9rgica, \u00e9stos tampoco se van.<br \/>\nPor lo tanto, si tu beb\u00e9 tiene s\u00edntomas de una dolencia com\u00fan, como una gripe o un resfriado, durante dos semanas o m\u00e1s, pese a estar trat\u00e1ndoselo siguiendo los consejos de tu m\u00e9dico, probablemente exista otra raz\u00f3n para su aparici\u00f3n.<\/span><\/p>\n<p>&nbsp;<\/p>\n<\/div>\n<\/div>\n<\/div>\n<div id=\"panel-4979-2-0-3\" class=\"so-panel widget widget_sow-editor panel-last-child\" data-index=\"6\" data-style=\"{&quot;background_image_attachment&quot;:false,&quot;background_display&quot;:&quot;tile&quot;,&quot;margin&quot;:&quot;-30px 0px 0px 0px&quot;}\">\n<div class=\"so-widget-sow-editor so-widget-sow-editor-base\">\n<div class=\"siteorigin-widget-tinymce textwidget\">\n<h2><span style=\"font-weight: 400;\"><strong>5.Piensa tambi\u00e9n en los s\u00edntomas que faltan.<\/strong> <\/span><\/h2>\n<p align=\"justify\"><span style=\"font-weight: 400;\">La mayor\u00eda de las ocasiones, cuando tratamos de discernir la raz\u00f3n por la que nuestro beb\u00e9 est\u00e1 enfermo, nos centramos en los s\u00edntomas que tiene. Pero como algunos son comunes a muchas dolencias distintas, a veces es mejor pensar en lo que falta. Por ejemplo, supongamos que nuestro beb\u00e9 tiene mocos, sus ojos est\u00e1n irritados y estornuda con frecuencia. Lo m\u00e1s normal es que pensemos en un resfriado o una gripe. Sin embargo, estas enfermedades est\u00e1n a menudo acompa\u00f1adas por fiebre, dolor de cabeza o pesadez muscular, s\u00edntomas que no suelen estar vinculados a las alergias m\u00e1s comunes. Por lo tanto, a la hora de pensar si tu beb\u00e9 puede estar sufriendo una alergia o no, piensa no solo en los s\u00edntomas que exhibe tu hijo, sino tambi\u00e9n en los que no est\u00e1n presentes.<\/span><\/p>\n<p align=\"justify\"><span style=\"font-weight: 400;\">Por \u00faltimo, nuestro consejo m\u00e1s importante es que siempre hables de lo que te preocupa con un profesional m\u00e9dico. Si sospechas que tu beb\u00e9 puede tener alergia a algo, consulta a su pediatra y p\u00eddele su opini\u00f3n al respecto. Cuando se trata de la salud de tu beb\u00e9, ninguna precauci\u00f3n es exagerada. <\/span><\/p>\n<p>&nbsp;<\/p>\n<\/div>\n<\/div>\n<\/div>\n<\/div>\n<\/div>\n<\/div>\n","protected":false},"excerpt":{"rendered":"<p>Con la llegada de la primavera, muchas personas reciben la visita de un inc\u00f3modo y, a veces, peligroso, compa\u00f1ero de viaje: la alergia. Puede que t\u00fa misma la sufras o que hayas visto a varias personas luchar contra ella a lo largo de los a\u00f1os. Pero, \u00bfqu\u00e9 ocurre si es tu beb\u00e9 el que sufre&#8230;<\/p>\n","protected":false},"author":1,"featured_media":5205,"comment_status":"open","ping_status":"open","sticky":false,"template":"","format":"standard","meta":{"om_disable_all_campaigns":false,"_monsterinsights_skip_tracking":false,"_monsterinsights_sitenote_active":false,"_monsterinsights_sitenote_note":"","_monsterinsights_sitenote_category":0,"footnotes":""},"categories":[408,222],"tags":[],"class_list":["post-4979","post","type-post","status-publish","format-standard","has-post-thumbnail","hentry","category-mi-bebe","category-sin-categorizar"],"aioseo_notices":[],"_links":{"self":[{"href":"https:\/\/www.bebedeparis.com\/blog\/wp-json\/wp\/v2\/posts\/4979","targetHints":{"allow":["GET"]}}],"collection":[{"href":"https:\/\/www.bebedeparis.com\/blog\/wp-json\/wp\/v2\/posts"}],"about":[{"href":"https:\/\/www.bebedeparis.com\/blog\/wp-json\/wp\/v2\/types\/post"}],"author":[{"embeddable":true,"href":"https:\/\/www.bebedeparis.com\/blog\/wp-json\/wp\/v2\/users\/1"}],"replies":[{"embeddable":true,"href":"https:\/\/www.bebedeparis.com\/blog\/wp-json\/wp\/v2\/comments?post=4979"}],"version-history":[{"count":193,"href":"https:\/\/www.bebedeparis.com\/blog\/wp-json\/wp\/v2\/posts\/4979\/revisions"}],"predecessor-version":[{"id":6109,"href":"https:\/\/www.bebedeparis.com\/blog\/wp-json\/wp\/v2\/posts\/4979\/revisions\/6109"}],"wp:featuredmedia":[{"embeddable":true,"href":"https:\/\/www.bebedeparis.com\/blog\/wp-json\/wp\/v2\/media\/5205"}],"wp:attachment":[{"href":"https:\/\/www.bebedeparis.com\/blog\/wp-json\/wp\/v2\/media?parent=4979"}],"wp:term":[{"taxonomy":"category","embeddable":true,"href":"https:\/\/www.bebedeparis.com\/blog\/wp-json\/wp\/v2\/categories?post=4979"},{"taxonomy":"post_tag","embeddable":true,"href":"https:\/\/www.bebedeparis.com\/blog\/wp-json\/wp\/v2\/tags?post=4979"}],"curies":[{"name":"wp","href":"https:\/\/api.w.org\/{rel}","templated":true}]}}